{"id":50012161,"date":"2021-02-25T16:56:59","date_gmt":"2021-02-25T21:56:59","guid":{"rendered":"https:\/\/gp2stg.wpenginepowered.com\/?p=50012161"},"modified":"2024-10-22T07:38:58","modified_gmt":"2024-10-22T11:38:58","slug":"black-and-african-american-connections-to-pd","status":"publish","type":"post","link":"https:\/\/gp2.org\/fr\/black-and-african-american-connections-to-pd\/","title":{"rendered":"Black and African American Connections to PD"},"content":{"rendered":"<p>Le Programme mondial sur la g\u00e9n\u00e9tique de la maladie de Parkinson (GP2) a lanc\u00e9 \u00ab Black and African American Connections to Parkinson&rsquo;s Disease \u00bb (<i>maladie de Parkinson chez les populations noires et afro-am\u00e9ricaines<\/i>), ou BLAAC PD, dans le cadre de son engagement \u00e0 renforcer la repr\u00e9sentation dans la recherche et les traitements de la maladie de Parkinson dans les groupes traditionnellement sous-repr\u00e9sent\u00e9s. L&rsquo;objectif de l&rsquo;\u00e9tude est de cr\u00e9er une cohorte de plus de 2 000 personnes afin d&rsquo;aider les chercheurs en g\u00e9n\u00e9tique \u00e0 mieux conna\u00eetre la maladie de Parkinson (MP) dans les communaut\u00e9s noires et afro-am\u00e9ricaines et d\u2019avoir une meilleure compr\u00e9hension de la maladie dans son ensemble. Cette \u00e9tude s&rsquo;inscrit dans le cadre d&rsquo;un effort mondial visant \u00e0 mieux comprendre le r\u00f4le des g\u00e8nes \u00e0 l&rsquo;origine de la maladie de Parkinson, ainsi que leur degr\u00e9 d\u2019influence sur la maladie, alors que le nombre de personnes atteintes de la maladie ne cesse d\u2019augmenter. Les travaux de recherche g\u00e9n\u00e9tique de ce type sont importants pour apporter une r\u00e9ponse aux enjeux sanitaires. L&rsquo;\u00e9tude de la g\u00e9n\u00e9tique peut aider les chercheurs et les scientifiques \u00e0 en savoir plus sur les maladies et \u00e0 mettre au point des traitements. Nous encourageons les participants noirs et afro-am\u00e9ricains \u00e0 se joindre \u00e0 l&rsquo;\u00e9tude, leur participation \u00e9tant essentielle \u00e0 nos avanc\u00e9es \u00e9ventuelles. Le BLAAC PD dirige actuellement des activit\u00e9s de sensibilisation sur huit sites. Nous vous en dirons plus au fur et \u00e0 mesure du d\u00e9ploiement de l&rsquo;\u00e9tude et de son recrutement. Veuillez envoyer un courriel \u00e0 cette adresse pour obtenir un compl\u00e9ment d\u2019information :<a href=\"mailto:research@michaeljfox.org\">research@michaeljfox.org<\/a>.<\/p>\n<p>\u00a0<\/p>\n","protected":false},"excerpt":{"rendered":"<p>Le GP2 a mis en place le \u00ab BLAAC PD\u00bb : \u00ab Black and African American Connections to Parkinson&rsquo;s Disease \u00bb. Cette initiative repr\u00e9sente notre engagement dans le renfort de la repr\u00e9sentation dans la recherche et la prise en charge des patients.<\/p>\n","protected":false},"author":2,"featured_media":50024661,"comment_status":"closed","ping_status":"closed","sticky":false,"template":"","format":"standard","meta":{"_acf_changed":false,"footnotes":"","_links_to":"","_links_to_target":""},"class_list":["post-50012161","post","type-post","status-publish","format-standard","hentry"],"acf":[],"_links":{"self":[{"href":"https:\/\/gp2.org\/fr\/wp-json\/wp\/v2\/posts\/50012161","targetHints":{"allow":["GET"]}}],"collection":[{"href":"https:\/\/gp2.org\/fr\/wp-json\/wp\/v2\/posts"}],"about":[{"href":"https:\/\/gp2.org\/fr\/wp-json\/wp\/v2\/types\/post"}],"author":[{"embeddable":true,"href":"https:\/\/gp2.org\/fr\/wp-json\/wp\/v2\/users\/2"}],"replies":[{"embeddable":true,"href":"https:\/\/gp2.org\/fr\/wp-json\/wp\/v2\/comments?post=50012161"}],"version-history":[{"count":0,"href":"https:\/\/gp2.org\/fr\/wp-json\/wp\/v2\/posts\/50012161\/revisions"}],"wp:featuredmedia":[{"embeddable":true,"href":"https:\/\/gp2.org\/fr\/wp-json\/wp\/v2\/media\/50024661"}],"wp:attachment":[{"href":"https:\/\/gp2.org\/fr\/wp-json\/wp\/v2\/media?parent=50012161"}],"curies":[{"name":"wp","href":"https:\/\/api.w.org\/{rel}","templated":true}]}}