{"id":50012127,"date":"2024-06-26T19:59:09","date_gmt":"2024-06-26T23:59:09","guid":{"rendered":"https:\/\/gp2stg.wpenginepowered.com\/ateliers-de-formation-en-bio-informatique-et-initiatives-regionales-de-formation-du-gp2-pleins-faux-sur-la-collaboration-mondiale\/"},"modified":"2024-10-21T15:55:59","modified_gmt":"2024-10-21T19:55:59","slug":"ateliers-de-formation-en-bio-informatique-et-initiatives-regionales-de-formation-du-gp2-pleins-faux-sur-la-collaboration-mondiale","status":"publish","type":"post","link":"https:\/\/gp2.org\/fr\/ateliers-de-formation-en-bio-informatique-et-initiatives-regionales-de-formation-du-gp2-pleins-faux-sur-la-collaboration-mondiale\/","title":{"rendered":"Ateliers de formation en bio-informatique et initiatives r\u00e9gionales de formation du GP2 :  pleins faux sur la collaboration mondiale"},"content":{"rendered":"<p><span style=\"font-weight: 400;\">Le Programme mondial sur la g\u00e9n\u00e9tique de la maladie de Parkinson (GP2) continue de jouer un r\u00f4le majeur \u00e0 l\u2019\u00e9chelle internationale : il propose une s\u00e9rie de programmes de formation dans le monde entier, dont des stages de formation en bio-informatique, et met tout en \u0153uvre pour diffuser les connaissances cliniques sur la maladie de Parkinson (MP). Cet article met en lumi\u00e8re les formations propos\u00e9es r\u00e9cemment en Colombie, au Mexique et au Kirghizistan et t\u00e9moigne de l&rsquo;engagement du GP2 \u00e0 encourager la cr\u00e9ation d&rsquo;une expertise mondiale dans le domaine de la recherche g\u00e9n\u00e9tique et de la science des donn\u00e9es pour la maladie de Parkinson. La Malaisie, la G\u00e9orgie et le Maroc accueilleront les prochains ateliers avant la fin de l&rsquo;ann\u00e9e 2024.<\/span><\/p>\n<h4><b><img loading=\"lazy\" decoding=\"async\" class=\"alignleft wp-image-50004075\" src=\"https:\/\/gp2.org\/wp-content\/uploads\/2024\/06\/GP2_Bioinformatics_Training_Workshop_Cartagena-300x225.jpg\" alt=\"\" width=\"600\" height=\"450\" srcset=\"https:\/\/gp2.org\/wp-content\/uploads\/2024\/06\/GP2_Bioinformatics_Training_Workshop_Cartagena-300x225.jpg 300w, https:\/\/gp2.org\/wp-content\/uploads\/2024\/06\/GP2_Bioinformatics_Training_Workshop_Cartagena-1024x768.jpg 1024w, https:\/\/gp2.org\/wp-content\/uploads\/2024\/06\/GP2_Bioinformatics_Training_Workshop_Cartagena-768x576.jpg 768w, https:\/\/gp2.org\/wp-content\/uploads\/2024\/06\/GP2_Bioinformatics_Training_Workshop_Cartagena-1536x1152.jpg 1536w, https:\/\/gp2.org\/wp-content\/uploads\/2024\/06\/GP2_Bioinformatics_Training_Workshop_Cartagena-256x192.jpg 256w, https:\/\/gp2.org\/wp-content\/uploads\/2024\/06\/GP2_Bioinformatics_Training_Workshop_Cartagena-512x384.jpg 512w, https:\/\/gp2.org\/wp-content\/uploads\/2024\/06\/GP2_Bioinformatics_Training_Workshop_Cartagena-960x720.jpg 960w, https:\/\/gp2.org\/wp-content\/uploads\/2024\/06\/GP2_Bioinformatics_Training_Workshop_Cartagena.jpg 2000w\" sizes=\"auto, (max-width: 600px) 100vw, 600px\" \/><\/b>Atelier de formation en bio-informatique du GP2 : Carthag\u00e8ne, Colombie<\/h4>\n<p><span style=\"font-weight: 400;\">Le premier atelier de formation du GP2 organis\u00e9 en Colombie s&rsquo;est d\u00e9roul\u00e9 dans la ville bouillonnante de Carthag\u00e8ne, les 6 et 7 f\u00e9vrier 2024. Cet atelier a rassembl\u00e9 22 participants de sept pays diff\u00e9rents, preuve de la port\u00e9e internationale et de l&rsquo;esprit de collaboration du GP2. Sous la direction de Sara Bandres-Ciga et Mar\u00eda Teresa Peri\u00f1\u00e1n Tocino, l&rsquo;atelier a permis aux participants de renforcer leurs comp\u00e9tences en bio-informatique en exploitant les donn\u00e9es du GP2 via la plateforme Terra, un outil essentiel \u00e0 la recherche sur la maladie de Parkinson.<\/span> <span style=\"font-weight: 400;\">La conf\u00e9rence d&rsquo;Henry Mauricio Chaparro, g\u00e9n\u00e9ticien m\u00e9dical et doctorant \u00e0 l&rsquo;universit\u00e9 de Cleveland, a \u00e9t\u00e9 un point d&rsquo;orgue de cet atelier. <\/span>La conf\u00e9rence remarquable de M. Chaparro portait sur l&rsquo;interpr\u00e9tation des variants et l&rsquo;\u00e9tablissement de priorit\u00e9s dans la maladie de Parkinson, ce qui a permis aux participants d&rsquo;acqu\u00e9rir des connaissances cruciales et de d\u00e9couvrir des m\u00e9thodes concr\u00e8tes pour faire face aux complexit\u00e9s g\u00e9n\u00e9tiques de la maladie de Parkinson. <\/p>\n<h4><b><img loading=\"lazy\" decoding=\"async\" class=\"alignright wp-image-30611\" src=\"https:\/\/gp2.org\/wp-content\/uploads\/2024\/06\/GP2_BF_training_workshop_Mexico_Basic_level_2-300x293.jpg\" alt=\"\" width=\"500\" height=\"488\" \/><\/b>Atelier de formation en bio-informatique du GP2 : Mexico, Mexique<b> <\/b> <\/h4>\n<p><span style=\"font-weight: 400;\">L&rsquo;atelier de Colombie ayant connu un franc succ\u00e8s, le deuxi\u00e8me atelier de formation du GP2 s&rsquo;est tenu \u00e0 Mexico, du 11 au 14 mars 2024. Cette formation s&rsquo;adressait \u00e0 diff\u00e9rents niveaux de comp\u00e9tences : 17 personnes ont suivi des s\u00e9ances de formation de niveau \u00e9l\u00e9mentaire et 9 des s\u00e9ances de niveau interm\u00e9diaire (28 stagiaires au total). Paula Reyes P\u00e9rez et V\u00edctor Flores Ocampo ont dirig\u00e9 les ateliers de niveau \u00e9l\u00e9mentaire, en s&rsquo;appuyant sur le mod\u00e8le \u00ab Formation des  formateurs \u00bb du GP2. Alejandro Mart\u00ednez Carrasco et Mar\u00eda Teresa Peri\u00f1\u00e1n Tocino ont dirig\u00e9 les s\u00e9ances de niveau interm\u00e9diaire.<\/span> <span style=\"font-weight: 400;\">Sergio Andres Castillo Torres, professeur assistant de neurologie \u00e0 l&rsquo;Universidad Aut\u00f3noma de Nuevo Leon \u00e0 Monterrey et titulaire d&rsquo;une bourse Edmond J. Safra sur les troubles moteurs, a \u00e9galement contribu\u00e9 \u00e0 la richesse de l&rsquo;atelier en proposant un tour d\u2019horizon exhaustif  sur le volet clinique de la maladie de Parkinson. En partageant son expertise, il a ainsi permis aux stagiaires d&rsquo;acqu\u00e9rir des bases solides et de mieux comprendre la maladie de Parkinson d&rsquo;un point de vue clinique.<\/span><\/p>\n<h4><b><img loading=\"lazy\" decoding=\"async\" class=\"alignleft wp-image-50003928\" src=\"https:\/\/gp2.org\/wp-content\/uploads\/2024\/06\/WhatsApp-Image-2024-03-28-at-10.31.23-1-300x225.jpeg\" alt=\"\" width=\"600\" height=\"450\" srcset=\"https:\/\/gp2.org\/wp-content\/uploads\/2024\/06\/WhatsApp-Image-2024-03-28-at-10.31.23-1-300x225.jpeg 300w, https:\/\/gp2.org\/wp-content\/uploads\/2024\/06\/WhatsApp-Image-2024-03-28-at-10.31.23-1-1024x768.jpeg 1024w, https:\/\/gp2.org\/wp-content\/uploads\/2024\/06\/WhatsApp-Image-2024-03-28-at-10.31.23-1-768x576.jpeg 768w, https:\/\/gp2.org\/wp-content\/uploads\/2024\/06\/WhatsApp-Image-2024-03-28-at-10.31.23-1-1536x1152.jpeg 1536w, https:\/\/gp2.org\/wp-content\/uploads\/2024\/06\/WhatsApp-Image-2024-03-28-at-10.31.23-1-256x192.jpeg 256w, https:\/\/gp2.org\/wp-content\/uploads\/2024\/06\/WhatsApp-Image-2024-03-28-at-10.31.23-1-512x384.jpeg 512w, https:\/\/gp2.org\/wp-content\/uploads\/2024\/06\/WhatsApp-Image-2024-03-28-at-10.31.23-1-960x720.jpeg 960w, https:\/\/gp2.org\/wp-content\/uploads\/2024\/06\/WhatsApp-Image-2024-03-28-at-10.31.23-1.jpeg 1600w\" sizes=\"auto, (max-width: 600px) 100vw, 600px\" \/><\/b> Initiative de formation r\u00e9gionale du GP2 &#8211; Bichkek, Kirghizstan<\/h4>\n<p><span style=\"font-weight: 400;\">Avec l&rsquo;ambition d&rsquo;\u00e9tendre les possibilit\u00e9s de formation et de renforcer les capacit\u00e9s de recherche en Asie centrale, le Groupe de travail sur la formation et le r\u00e9seautage du GP2 a organis\u00e9 la premi\u00e8re initiative de formation r\u00e9gionale \u00e0 l&rsquo;Acad\u00e9mie m\u00e9dicale nationale \u00e0 Bichkek, au Kirghizstan, du 25 au 27 mars 2024. Ce programme de trois jours avait pour but d&rsquo;apporter aux neurologues et aux chercheurs des connaissances et des comp\u00e9tences fondamentales sur la maladie de Parkinson. Cholpon Shambetova, responsable de la planification et de l&rsquo;organisation a \u00e9t\u00e9 \u00e0 l&rsquo;origine de cette initiative, avec le concours du GP2.<\/span> <span style=\"font-weight: 400;\">La premi\u00e8re journ\u00e9e de formation a donn\u00e9 lieu a des conf\u00e9rences concentr\u00e9es sur la compr\u00e9hension de la maladie de Parkinson et de la neurog\u00e9n\u00e9tique, les comp\u00e9tences en mati\u00e8re de diagnostic, les modalit\u00e9s de traitement et les soins pluridisciplinaires dans les pays en d\u00e9veloppement. Pas moins de 104 neurologues et chercheurs du Kirghizstan, du Kazakhstan et de l&rsquo;Ouzb\u00e9kistan ont particip\u00e9 \u00e0 cette formation. La deuxi\u00e8me journ\u00e9e a \u00e9t\u00e9 consacr\u00e9e \u00e0 la pratique clinique : 33 participants ont examin\u00e9 des patients atteints de parkinsonisme et ont \u00e9chang\u00e9 sur le d\u00e9pistage g\u00e9n\u00e9tique et les consid\u00e9rations \u00e9thiques. La journ\u00e9e s&rsquo;est termin\u00e9e par une s\u00e9ance d&rsquo;information sur les m\u00e9thodes de recherche.<\/span> <span style=\"font-weight: 400;\">La derni\u00e8re journ\u00e9e a \u00e9t\u00e9 ax\u00e9e sur les comp\u00e9tences de recherche relatives \u00e0 la g\u00e9n\u00e9tique et \u00e0 l&rsquo;\u00e9pid\u00e9miologie de la MP, y compris le recrutement des patients, la collecte des donn\u00e9es et la terminologie g\u00e9n\u00e9tique \u00e9l\u00e9mentaire. Les participants ont pu \u00e9galement se familiariser avec les toutes derni\u00e8res technologies utilis\u00e9es pour l&rsquo;\u00e9tude de la g\u00e9n\u00e9tique de la maladie de Parkinson. La journ\u00e9e s&rsquo;est termin\u00e9e par un aper\u00e7u des possibilit\u00e9s de formation et de recherche propos\u00e9es par le GP2.<\/span> <span style=\"font-weight: 400;\">Ce programme de formation complet a remport\u00e9 un vif succ\u00e8s. Les conf\u00e9rences ont \u00e9t\u00e9 dispens\u00e9es en anglais et en russe, et ont b\u00e9n\u00e9fici\u00e9 de services d&rsquo;interpr\u00e9tation simultan\u00e9e, afin de permettre \u00e0 tous les participants de suivre la discussion. Parmi les intervenants de renom, citons Christine Klein, Cholpon Shambetova, Konstantin Senkevich, Edwin Jabbari, Alastair Noyce, Maria Teresa Perinan Tocino et Sumit Dey.<\/span><\/p>\n<h4>Consid\u00e9rations finales<\/h4>\n<p><span style=\"font-weight: 400;\">Les ateliers de formation en bio-informatique du GP2 et l&rsquo;Initiative de formation r\u00e9gionale sont un exemple remarquable des efforts d\u00e9ploy\u00e9s \u00e0 l&rsquo;\u00e9chelle mondiale en vue de faire progresser la recherche sur la g\u00e9n\u00e9tique de la MP. En r\u00e9unissant des experts et des stagiaires de diff\u00e9rents horizons, ces programmes cr\u00e9ent un cadre collaboratif propice \u00e0 l&rsquo;innovation et au progr\u00e8s. Alors que le GP2 continue de se d\u00e9velopper, l&rsquo;avenir de la recherche sur la MP s&rsquo;annonce prometteur, port\u00e9 par un r\u00e9seau croissant de professionnels comp\u00e9tents et pleinement engag\u00e9s.<\/span><\/p>\n","protected":false},"excerpt":{"rendered":"<p>Le Programme mondial sur la g\u00e9n\u00e9tique de la maladie de Parkinson (GP2) continue de jouer un r\u00f4le majeur \u00e0 l\u2019\u00e9chelle internationale : il propose une s\u00e9rie de programmes de formation dans le monde entier, dont des stages de formation en bio-informatique, et met tout en \u0153uvre pour diffuser les connaissances cliniques sur la maladie de [&hellip;]<\/p>\n","protected":false},"author":0,"featured_media":50024605,"comment_status":"closed","ping_status":"closed","sticky":false,"template":"","format":"standard","meta":{"_acf_changed":false,"footnotes":"","_links_to":"","_links_to_target":""},"class_list":["post-50012127","post","type-post","status-publish","format-standard","hentry","topic-research-collaboration-5","topic---2","topic--gp2-4"],"acf":[],"_links":{"self":[{"href":"https:\/\/gp2.org\/fr\/wp-json\/wp\/v2\/posts\/50012127","targetHints":{"allow":["GET"]}}],"collection":[{"href":"https:\/\/gp2.org\/fr\/wp-json\/wp\/v2\/posts"}],"about":[{"href":"https:\/\/gp2.org\/fr\/wp-json\/wp\/v2\/types\/post"}],"replies":[{"embeddable":true,"href":"https:\/\/gp2.org\/fr\/wp-json\/wp\/v2\/comments?post=50012127"}],"version-history":[{"count":0,"href":"https:\/\/gp2.org\/fr\/wp-json\/wp\/v2\/posts\/50012127\/revisions"}],"wp:featuredmedia":[{"embeddable":true,"href":"https:\/\/gp2.org\/fr\/wp-json\/wp\/v2\/media\/50024605"}],"wp:attachment":[{"href":"https:\/\/gp2.org\/fr\/wp-json\/wp\/v2\/media?parent=50012127"}],"curies":[{"name":"wp","href":"https:\/\/api.w.org\/{rel}","templated":true}]}}