{"id":50012061,"date":"2023-10-20T22:43:36","date_gmt":"2023-10-21T02:43:36","guid":{"rendered":"https:\/\/gp2stg.wpenginepowered.com\/rencontre-annuelle-de-chercheurs-du-gp2-edition-2023-ce-quen-disent-les-stagiaires\/"},"modified":"2024-10-21T15:41:15","modified_gmt":"2024-10-21T19:41:15","slug":"rencontre-annuelle-de-chercheurs-du-gp2-edition-2023-ce-quen-disent-les-stagiaires","status":"publish","type":"post","link":"https:\/\/gp2.org\/fr\/rencontre-annuelle-de-chercheurs-du-gp2-edition-2023-ce-quen-disent-les-stagiaires\/","title":{"rendered":"Rencontre annuelle de chercheurs du GP2, \u00e9dition 2023 : ce qu\u2019en disent les stagiaires"},"content":{"rendered":"<p><span style=\"font-weight: 400;\">Le R\u00e9seau mondial des stagiaires du GP2 est actuellement compos\u00e9 de 223 membres. Il a \u00e9t\u00e9 cr\u00e9\u00e9 pour rationnaliser les opportunit\u00e9s de formation, orienter l\u2019expertise l\u00e0 o\u00f9 elle est n\u00e9cessaire et faciliter l\u2019acc\u00e8s aux donn\u00e9es et aux analyses \u00e0 l\u2019ensemble du r\u00e9seau GP2.<\/span><\/p>\n<p><span style=\"font-weight: 400;\">Ci-dessous, ce que disent quelques-uns des stagiaires ayant particip\u00e9 \u00e0 la deuxi\u00e8me Rencontre annuelle des chercheurs du GP2 (RAC-GP2), \u00e0 <\/span><span style=\"font-weight: 400;\">Copenhague<\/span><span style=\"font-weight: 400;\">.<\/span><\/p>\n<p><b>Pin-Jui Kung | Taiwan<br \/>\n<\/b><em>Repr\u00e9sentant des stagiaires du GP2 pour l\u2019Asie, doctorant boursier du GP2<\/em><\/p>\n<p><span style=\"font-weight: 400;\">Mon exp\u00e9rience de la RAC du GP2 a \u00e9t\u00e9 tr\u00e8s gratifiante, surtout parce que j\u2019ai pu rencontrer des personnes extraordinaires et d\u00e9couvrir un charmant petit salon de th\u00e9 dans la belle ville de Copenhague.<\/span><\/p>\n<p><span style=\"font-weight: 400;\">Des scientifiques chevronn\u00e9s aux partisans passionn\u00e9s, la RAC-GP2 a r\u00e9uni des personnes aux horizons tr\u00e8s vari\u00e9s, mais tous anim\u00e9s de la m\u00eame d\u00e9termination \u00e0 d\u00e9chiffrer la maladie de Parkinson. Pendant les pauses-caf\u00e9 et au cours de discussions passionn\u00e9es, j\u2019ai non seulement d\u00e9couvert de grands professionnels mais aussi des personnalit\u00e9s chaleureuses. C\u2019est ce qui marque r\u00e9ellement ce rassemblement exceptionnel.<\/span><\/p>\n<p><span style=\"font-weight: 400;\">Pouvoir rencontrer en chair et en os ces personnes dont j\u2019avais pu lire les travaux de recherche a \u00e9t\u00e9 une exp\u00e9rience des plus fascinantes. J\u2019avais beaucoup appris de la lecture de leurs travaux, mais faire leur connaissance en personne a donn\u00e9 une autre dimension \u00e0 ma compr\u00e9hension de leurs travaux et leur a donn\u00e9 vie. Cette exp\u00e9rience m\u2019a permis de prendre conscience que le contact humain peut \u00eatre un r\u00e9el levier dans le monde universitaire.<\/span><\/p>\n<p><span style=\"font-weight: 400;\">Par ailleurs, participer au Hackathon du GP2 \u00e0<\/span><span style=\"font-weight: 400;\">Malm\u00f6<\/span><span style=\"font-weight: 400;\"> a \u00e9t\u00e9 un grand moment. Cette activit\u00e9 stimulante m\u2019a non seulement permis de renforcer mes comp\u00e9tences en analyse des donn\u00e9es g\u00e9niques mais m\u2019a \u00e9galement ouvert \u00e0 d\u2019autres perspectives sur la myriade de possibilit\u00e9s offertes par la mise \u00e0 disposition g\u00e9n\u00e9rale des donn\u00e9es gr\u00e2ce au GP2 et \u00e0 l\u2019AMP <\/span><span style=\"font-weight: 400;\">\u00ae<\/span><span style=\"font-weight: 400;\">MP.<\/span><\/p>\n<p><span style=\"font-weight: 400;\">La RAC-GP2 va bien au-del\u00e0 d\u2019une simple rencontre. C\u2019est une exp\u00e9rience transformatrice qui m\u2019a immerg\u00e9 dans les univers de la science et de la culture, en me donnant l\u2019occasion de tisser des liens ; gr\u00e2ce \u00e0 cette exp\u00e9rience, j\u2019ai retrouv\u00e9 un grand dynamisme.<\/span><\/p>\n<p><b><img loading=\"lazy\" decoding=\"async\" class=\"alignleft wp-image-50005258\" src=\"https:\/\/gp2.org\/wp-content\/uploads\/2023\/10\/AIM-Trainee-Group-Image-1024x632.jpg\" alt=\"\" width=\"550\" height=\"339\" srcset=\"https:\/\/gp2.org\/wp-content\/uploads\/2023\/10\/AIM-Trainee-Group-Image-1024x632.jpg 1024w, https:\/\/gp2.org\/wp-content\/uploads\/2023\/10\/AIM-Trainee-Group-Image-300x185.jpg 300w, https:\/\/gp2.org\/wp-content\/uploads\/2023\/10\/AIM-Trainee-Group-Image-768x474.jpg 768w, https:\/\/gp2.org\/wp-content\/uploads\/2023\/10\/AIM-Trainee-Group-Image-1536x947.jpg 1536w, https:\/\/gp2.org\/wp-content\/uploads\/2023\/10\/AIM-Trainee-Group-Image-256x158.jpg 256w, https:\/\/gp2.org\/wp-content\/uploads\/2023\/10\/AIM-Trainee-Group-Image-512x316.jpg 512w, https:\/\/gp2.org\/wp-content\/uploads\/2023\/10\/AIM-Trainee-Group-Image-1167x720.jpg 1167w, https:\/\/gp2.org\/wp-content\/uploads\/2023\/10\/AIM-Trainee-Group-Image.jpg 1999w\" sizes=\"auto, (max-width: 550px) 100vw, 550px\" \/>Paula Saffie Awad | Chili\/Br\u00e9sil<br \/>\n<\/b><em>Repr\u00e9sentante des stagiaires du GP2 &#8211; doctorante boursi\u00e8re du GP2 en Am\u00e9rique latine<\/em><\/p>\n<p><span style=\"font-weight: 400;\">La RAC-GP2 \u00e0 Copenhague fut un \u00e9v\u00e9nement m\u00e9morable et ce fut un vrai plaisir d\u2019y participer pour la seconde fois. L\u2019\u00e9v\u00e9nement s\u2019est distingu\u00e9 par l\u2019excellence de son organisation, redoublant ma fiert\u00e9 de faire partie du groupe formation et r\u00e9seautage et de la grande communaut\u00e9 du GP2.\u00a0<\/span><\/p>\n<p><span style=\"font-weight: 400;\">L\u2019un des moment forts de cette \u00e9dition annuelle a \u00e9t\u00e9 l\u2019introduction des s\u00e9ances de groupes. J\u2019ai particip\u00e9 \u00e0 la s\u00e9ance 1, <\/span><span style=\"font-weight: 400;\">\u00ab Comment le GP2 peut-il soutenir le d\u00e9veloppement et la promotion des stagiaires dans l\u2019ar\u00e8ne de la recherche sur la MP ? \u00bb<\/span><span style=\"font-weight: 400;\">, o\u00f9 ont \u00e9t\u00e9 abord\u00e9s les besoins actuels et futurs de la formation et les opportunit\u00e9s. La synergie n\u00e9e de ces discussions d\u00e9montre que le GP2 peut jouer un r\u00f4le majeur dans la r\u00e9ponse \u00e0 apporter \u00e0 ces besoins.<\/span><\/p>\n<p><span style=\"font-weight: 400;\">J\u2019avais \u00e9t\u00e9 frapp\u00e9e, l\u2019an dernier, par le soin apport\u00e9 \u00e0 chaque d\u00e9tail afin que les participants puissent vivre pleinement cette rencontre, sans distractions. D\u2019un programme tr\u00e8s bien con\u00e7u au personnel d\u2019appui, il est clair que les organisateurs ont tout fait pour que cette rencontre soit une r\u00e9ussite.<\/span><\/p>\n<p><span style=\"font-weight: 400;\">La possibilit\u00e9 de rencontrer des membres du GP2 en personne en fait un \u00e9v\u00e9nement tr\u00e8s sp\u00e9cial. Il y a quelque chose d\u2019unique dans les rencontres en personne, la camaraderie, l\u2019\u00e9change d\u2019id\u00e9es et la cr\u00e9ation de liens qui ne peuvent se tisser que gr\u00e2ce \u00e0 une pr\u00e9sence physique dans la m\u00eame salle. C\u2019est un rappel puissant de la force de notre communaut\u00e9 \u00e0 l\u2019\u00e9chelle mondiale.<\/span><\/p>\n<p><b>Benjam\u00edn Pizarro Galleguillos | Chili <\/b><em><br \/>\nDoctorant boursier du GP2<\/em><\/p>\n<p><span style=\"font-weight: 400;\">La science passe par les liens, tels que ceux qui relient les id\u00e9es lorsque l\u2019on m\u00e8ne une exp\u00e9rience ou que l\u2019on r\u00e9dige un rapport de recherche. Mais c\u2019est aussi une question de profondeur de liens humains que nous pouvons cr\u00e9er au fil de notre parcours de chercheur. En fin de compte, la RAC-GP2, c\u2019est cela. Personnellement, cette rencontre m\u2019a plu, plus encore que celle de l\u2019an dernier, car j\u2019ai pu renouer avec des amis. Et c\u2019est dans ce contexte de rencontres formelles et informelles que les id\u00e9es et les collaborations potentielles voient le jour.<\/span><\/p>\n<p><span style=\"font-weight: 400;\">Ce congr\u00e8s \u00e9tait parfait. Le lieu, le programme et l\u2019ambiance \u00e9taient uniques. J\u2019ai eu la possibilit\u00e9 de pr\u00e9senter les avanc\u00e9es de mes travaux de doctorat, ce qui fut un peu stressant mais aussi une exp\u00e9rience tr\u00e8s gratifiante, car tous les membres du GP2 m\u2019ont manifest\u00e9 leur soutien et leur int\u00e9r\u00eat en me souhaitant plein succ\u00e8s.<\/span><\/p>\n<p><span style=\"font-weight: 400;\">Et que dire de Copenhague, une des plus belles villes que j\u2019ai visit\u00e9es ! Je me souviendrai avec joie de cette \u00e9dition 2023 de la RAC du GP2 ! <\/span><\/p>\n<p><b>Paula Reyes P\u00e9rez | Mexique<br \/>\n<\/b><em>Repr\u00e9sentante des stagiaires du GP2 &#8211; doctorante boursi\u00e8re du GP2 en Am\u00e9rique latine<\/em><\/p>\n<p><span style=\"font-weight: 400;\">Comme l\u2019ont soulign\u00e9 les organisateurs lors de la s\u00e9ance d\u2019inauguration, l\u2019\u00e9v\u00e9nement a \u00e9t\u00e9 enti\u00e8rement pens\u00e9 autour de nous (la communaut\u00e9) plut\u00f4t que juste du GP2. Au d\u00e9part, je n\u2019avais pas enti\u00e8rement saisi ce qu\u2019ils voulaient dire. Mais, \u00e0 la fin de la premi\u00e8re journ\u00e9e, c\u2019est devenu parfaitement clair. Nous avons \u00e9t\u00e9 inform\u00e9s des travaux de recherche en cours mais surtout, de la fa\u00e7on dont NOUS pouvons collaborer, cr\u00e9er des synergies et surmonter nombre de d\u00e9fis auxquels nous nous heurtons. L\u2019\u00e9v\u00e9nement a \u00e9t\u00e9 organis\u00e9 loin du format classique, o\u00f9 \u00ab une personne importante s\u2019adresse \u00e0 une salle silencieuse qui applaudit \u00e0 la fin \u00bb, auquel j\u2019\u00e9tais habitu\u00e9e. Tout le monde \u00e9tait \u00e0 l\u2019aise pour poser des questions et participer aux discussions.<\/span><\/p>\n<p><span style=\"font-weight: 400;\">L\u2019introduction des s\u00e9ances de groupe est une nouveaut\u00e9 tr\u00e8s appr\u00e9ci\u00e9e. Cela a encourag\u00e9 les membres du GP2 \u00e0 travailler ensemble et \u00e0 cr\u00e9er des synergies en facilitant des discussions ax\u00e9es sur les opportunit\u00e9s et les d\u00e9fis de la communaut\u00e9.<\/span><\/p>\n<p><span style=\"font-weight: 400;\">En r\u00e9sum\u00e9, la RAC du GP2 a pleinement incarn\u00e9 l\u2019essence du GP2, en rassemblant un m\u00e9lange h\u00e9t\u00e9roclite de personnes d\u00e9sireuses de collaborer, de mener des travaux scientifiques d\u2019avant-garde et de cr\u00e9er une communaut\u00e9 ouverte et active pour d\u00e9celer la g\u00e9n\u00e9tique de la maladie de Parkinson. Cette rencontre fut un moment remarquable qui a uni une communaut\u00e9 plurielle, soulign\u00e9 la puissance des liens humains, \u00e9largit notre \u00e9ventail de comp\u00e9tences, transform\u00e9 nos perspectives sur la science et qui est un exemple admirable d\u2019organisation o\u00f9 sont encourag\u00e9s les prises de contact en personne et les efforts collaboratifs qui contribueront incontestablement \u00e0 faire avancer la recherche sur la g\u00e9n\u00e9tique de la maladie de Parkinson.\u00a0<\/span><\/p>\n<p><b><img loading=\"lazy\" decoding=\"async\" class=\"wp-image-50005209 alignright\" src=\"https:\/\/gp2.org\/wp-content\/uploads\/2023\/10\/AIM-Trainee-Image-1024x768.jpg\" alt=\"\" width=\"550\" height=\"413\" srcset=\"https:\/\/gp2.org\/wp-content\/uploads\/2023\/10\/AIM-Trainee-Image-1024x768.jpg 1024w, https:\/\/gp2.org\/wp-content\/uploads\/2023\/10\/AIM-Trainee-Image-300x225.jpg 300w, https:\/\/gp2.org\/wp-content\/uploads\/2023\/10\/AIM-Trainee-Image-768x576.jpg 768w, https:\/\/gp2.org\/wp-content\/uploads\/2023\/10\/AIM-Trainee-Image-1536x1153.jpg 1536w, https:\/\/gp2.org\/wp-content\/uploads\/2023\/10\/AIM-Trainee-Image-256x192.jpg 256w, https:\/\/gp2.org\/wp-content\/uploads\/2023\/10\/AIM-Trainee-Image-512x384.jpg 512w, https:\/\/gp2.org\/wp-content\/uploads\/2023\/10\/AIM-Trainee-Image-960x720.jpg 960w, https:\/\/gp2.org\/wp-content\/uploads\/2023\/10\/AIM-Trainee-Image.jpg 1999w\" sizes=\"auto, (max-width: 550px) 100vw, 550px\" \/>Tu\u011f\u00e7e G\u00fcl | Turquie<br \/>\n<\/b><em>Stagiaire du GP2<\/em><\/p>\n<p><span style=\"font-weight: 400;\">Retrouver mes collaborateurs et mes amis \u00e0 l\u2019occasion de la RAC du GP2 de Copenhague a \u00e9t\u00e9 formidable. J\u2019ai la chance d\u2019avoir b\u00e9n\u00e9fici\u00e9 de l\u2019accueil chaleureux et du soutien apport\u00e9s par ces scientifiques qui m\u2019ont inspir\u00e9e par leurs publications.\u00a0<\/span><\/p>\n<p><span style=\"font-weight: 400;\">Ce que j\u2019ai pr\u00e9f\u00e9r\u00e9 ce sont les s\u00e9ances de groupe. Ce fut une grande chance pour une stagiaire de pouvoir rencontrer d\u2019autres stagiaires en personne et d\u2019\u00e9voquer ensemble nos besoins de formations pendant la s\u00e9ance de groupe. Bien que le R\u00e9seau de stagiaires du GP2 se r\u00e9unisse tous les mois, communiquer de visu insuffle toujours une \u00e9nergie diff\u00e9rente aux conversations.\u00a0<\/span><\/p>\n<p><span style=\"font-weight: 400;\">Le GP2 offre des possibilit\u00e9s uniques de collaborations et la possibilit\u00e9 d\u2019\u00e9largir nos approches sur les plans scientifique et culturel. Participer \u00e0 la rencontre annuelle du GP2 a, une fois encore et en quelques mots, d\u00e9pass\u00e9 mes attentes !<\/span><\/p>\n<p><b>Yasser Mecheri | Alg\u00e9rie <\/b><em>Stagiaire du GP2<\/em> <span style=\"font-weight: 400;\">Participer pour la premi\u00e8re fois \u00e0 la RAC 2023 du GP2 \u00e0 Copenhague fut une exp\u00e9rience incroyable. Cela m\u2019a permis de rencontrer des personnes formidables appartenant \u00e0 la communaut\u00e9 du GP2, dont certaines que je ne connaissais que virtuellement. Les pr\u00e9sentations \u00e9tait tr\u00e8s fournies et m\u2019ont permis d\u2019acqu\u00e9rir de nouvelles perspectives sur l\u2019initiative du GP2 et sur les projets en cours aux quatre coins du monde.<\/span><\/p>\n<p><span style=\"font-weight: 400;\">J\u2019ai eu la chance de participer au Hackathon du GP2 \u00e0 Malm\u00f6, o\u00f9 plusieurs personnes tr\u00e8s talentueuses m\u2019ont beaucoup appris sur un projet de bio-informatique. Je suis tr\u00e8s reconnaissant envers l\u2019\u00e9quipe des organisateurs pour tous leurs efforts et leur gentillesse. Je me suis senti chez moi !\u00a0<\/span><\/p>\n<p><span style=\"font-weight: 400;\">Participer \u00e0 la RAC du GP2 cette ann\u00e9e fut un vrai plaisir et c\u2019est devenu un rendez-vous obligatoire \u00e0 l\u2019avenir. Je l\u2019ai d\u00e9j\u00e0 inscrit sur mon agenda de l\u2019ann\u00e9e prochaine. J\u2019esp\u00e8re vous y revoir tous !\u00a0<\/span><\/p>\n<p><b>Yi Wen Tay | Malaisie<br \/>\n<\/b><em>Repr\u00e9sentante des stagiaires du GPE pour l\u2019Asie<\/em><\/p>\n<p><span style=\"font-weight: 400;\">Pour une stagiaire venant d\u2019Asie du Sud Est, une r\u00e9gion aux ressources tr\u00e8s limit\u00e9es dans le domaine de la recherche, pouvoir participer pour la premi\u00e8re fois \u00e0 la RAC du GP2 \u00e0 Copenhague, au Danemark, et m\u2019impliquer dans le GP2 a \u00e9t\u00e9 une exp\u00e9rience r\u00e9v\u00e9latrice. Rencontrer des chercheurs venant du monde entier est l\u2019un des points fort de cette rencontre et j\u2019ai pu \u00e9changer, discuter des probl\u00e8mes que nous rencontrons et cr\u00e9er l\u2019\u00e9mulation autour de nouvelles id\u00e9es de recherche. Cette rencontre m\u2019a rappel\u00e9 combien les efforts pluridisciplinaires sont importants pour faire avancer la recherche sur la g\u00e9n\u00e9tique de la maladie de Parkinson.\u00a0<\/span><\/p>\n<p><span style=\"font-weight: 400;\">J\u2019en profite pour remercier les efforts du groupe formation et r\u00e9seautage pour le soutien et les orientations constantes dont ils font b\u00e9n\u00e9ficier tous les stagiaires. La science est une question de partage, et sans la g\u00e9n\u00e9rosit\u00e9 des formateurs et leur d\u00e9sir de partager, nous n\u2019aurions pas pu collaborer, apprendre et enrichir nos connaissances. J\u2019ai \u00e9galement pu nouer de nouvelles amiti\u00e9s durables et rencontrer des stagiaires venant d\u2019autres r\u00e9gions du monde.\u00a0<\/span><\/p>\n<p><span style=\"font-weight: 400;\">Je suis tr\u00e8s reconnaissante \u00e0 la RAC 2023 et je tiens \u00e0 f\u00e9liciter le GP2 d\u2019avoir organis\u00e9 une rencontre si r\u00e9ussie ! J\u2019attends avec impatience la prochaine RAC !<\/span><\/p>\n<p><b>Alexandra Zirra | Royaume-uni\/Roumanie<br \/>\n<\/b><em>Repr\u00e9sentante des stagiaires du GP2 pour l\u2019Europe de l\u2019Est<\/em><\/p>\n<p><span style=\"font-weight: 400;\">Participer \u00e0 la RAC du GP2 pour la premi\u00e8re fois comme repr\u00e9sentante des stagiaires fut une exp\u00e9rience fabuleuse. Avant tout, il est inspirant de voir avec quelle rapidit\u00e9 la science peut faire des progr\u00e8s gr\u00e2ce \u00e0 un effort d\u00e9di\u00e9 et partag\u00e9 par des centaines de chercheurs, cliniciens et professionnels de la sant\u00e9, comme le d\u00e9montrent les avanc\u00e9es obtenues en trois ans \u00e0 peine. Ce fut la premi\u00e8re rencontre r\u00e9ellement pluridisciplinaire \u00e0 laquelle j\u2019ai particip\u00e9 et j\u2019ai vu tout ce que l\u2019on peut tirer d\u2019une telle approche. J\u2019ai \u00e9t\u00e9 extr\u00eamement fi\u00e8re de voir que c\u2019est gr\u00e2ce \u00e0 l\u2019effort du GP2 qu\u2019un nouveau variant de risque<\/span><i><span style=\"font-weight: 400;\">du g\u00e8ne GBA1<\/span><\/i><span style=\"font-weight: 400;\"> a \u00e9t\u00e9 d\u00e9couvert chez les populations africaines et m\u00e9tiss\u00e9es. C\u2019est la preuve que c\u2019est la volont\u00e9 des membres du GP2 de collaborer et de partager leurs exp\u00e9riences et leur expertise qui fait de notre r\u00e9seau une r\u00e9ussite.\u00a0<\/span><\/p>\n<p><span style=\"font-weight: 400;\">Ce fut \u00e9galement formidable de rencontrer d\u2019autres stagiaires et collaborateurs du GP2 et d\u2019en savoir plus sur leurs exp\u00e9riences de recherche et de vie dans diverses parties du monde. J\u2019ai d\u00e9j\u00e0 h\u00e2te de les retrouver ! Par ailleurs, pouvoir pr\u00e9senter nos projets \u00e0 une audience de chercheurs et de cliniciens de premier ordre est une exp\u00e9rience \u00e0 la fois intimidante et excitante. Gr\u00e2ce au soutien apport\u00e9 par le groupe formation et r\u00e9seautage du GP2, nous avons pris confiance en nous apr\u00e8s notre expos\u00e9. Le soutien accord\u00e9 par le GP2 \u00e0 ses stagiaires en leur permettant de participer \u00e0 la RAC est une exp\u00e9rience unique et extraordinaire.<\/span><\/p>\n<p><span style=\"font-weight: 400;\">Certains stagiaires et moi-m\u00eame avons particip\u00e9 au Hackathon, \u00e0 Malm\u00f6. Ce fut l\u2019occasion de mettre en pratique les comp\u00e9tences acquises dans le cadre du r\u00e9seau de stagiaires du GP2. C\u2019\u00e9tait si amusant qu\u2019on ne voulait plus quitter nos fauteuils. Le fait que chaque groupe ait un mentor g\u00e9nial y a beaucoup fait, soulignant \u00e0 nouveau l\u2019aide apport\u00e9e par le r\u00e9seau.\u00a0<\/span><\/p>\n<p><span style=\"font-weight: 400;\">Participer \u00e0 la RAC du GP2 et \u00e0 l\u2019Hackathon a \u00e9t\u00e9 une r\u00e9v\u00e9lation pour moi. Je suis sinc\u00e8rement ravie de faire partie d\u2019une communaut\u00e9 de chercheurs aussi inclusive, transparente et solidaire ! <\/span><\/p>\n<p><b>Arinola Sanyaolu | Nig\u00e9ria<br \/>\n<\/b><em>Repr\u00e9sentante des stagiaires du GPE pour l\u2019Afrique<\/em><\/p>\n<p><span style=\"font-weight: 400;\">Apr\u00e8s une premi\u00e8re exp\u00e9rience r\u00e9ussie \u00e0 la RAC du GP2 en 2022, j\u2019attendais avec impatience l\u2019\u00e9dition 2023, qui fut encore plus r\u00e9ussie. En tant que repr\u00e9sentante des stagiaires du GP2 pour l\u2019Afrique, j\u2019ai pu rencontrer d\u2019autres stagiaires de visu alors que nous ne nous connaissions que virtuellement auparavant. C\u2019est un v\u00e9ritable honneur de faire partie du GP2 car c\u2019est une plateforme o\u00f9 toute personne int\u00e9ress\u00e9e par la g\u00e9n\u00e9tique de la maladie de Parkinson peut s\u2019exprimer et se perfectionner, quel que soit son niveau d\u2019expertise clinique ou de recherche.\u00a0<\/span><\/p>\n<p><span style=\"font-weight: 400;\">L\u2019\u00e9dition de Copenhague m\u2019a confirm\u00e9e dans ma conviction que les chercheurs ne veulent pas uniquement trouver des solutions aux d\u00e9fis que pose la recherche g\u00e9nique sur la maladie de Parkinson, mais qu\u2019ils veulent \u00e9galement transmettre aux jeunes chercheurs les moyens de se faire confiance et de devenir ind\u00e9pendants, capables de contribuer de fa\u00e7on innovante \u00e0 la compr\u00e9hension de l\u2019architecture de la maladie de Parkinson. La possibilit\u00e9 de rencontrer et de parler \u00e0 d\u2019\u00e9ventuels mentors est la valeur ajout\u00e9e de cette rencontre, en particulier pour les stagiaires de groupes sous-repr\u00e9sent\u00e9s.<\/span> <b><\/b><\/p>\n<p><b>Victor Flores | Mexique<br \/>\n<\/b><em>Stagiaire GP2<\/em><\/p>\n<p><span style=\"font-weight: 400;\">C\u2019est la premi\u00e8re fois que j\u2019ai pu participer \u00e0 la RAC du GP2 et j\u2019adorerais pouvoir y participer l\u2019an prochain. En quelques mots, cette rencontre a \u00e9t\u00e9 fabuleuse et utile. Int\u00e9grer une initiative \u00e9largie peut se r\u00e9v\u00e9ler d\u00e9licat au moment d\u2019entrer en contact avec des gens que vous n\u2019avez jamais vu en personne. La RAC du GP2 est une opportunit\u00e9 unique de rencontrer des gens que vous n\u2019aviez vu que virtuellement, d\u2019en rencontrer d\u2019autres qui ont des int\u00e9r\u00eats similaires et de promouvoir des synergies entre laboratoires.<\/span><\/p>\n<p><span style=\"font-weight: 400;\">L\u2019une des choses que j\u2019ai remarqu\u00e9es pendant la rencontre est l\u2019effort substantiel d\u00e9ploy\u00e9 pour en faire un espace inclusif. Le cadre \u00e9tait en parfaite coh\u00e9rence avec les valeurs d\u00e9fendues par le GP2. La diversit\u00e9 des parcours des participants en a fait une exp\u00e9rience enrichissante. Permettre \u00e0 chaque groupe de parler de ses besoins et de ses accomplissements \u00e9tait essentiel.<\/span><\/p>\n<p><span style=\"font-weight: 400;\">Je suis honor\u00e9 d\u2019avoir \u00e9t\u00e9 convi\u00e9 \u00e0 cette rencontre et d\u2019avoir pu interagir avec ces membres extraordinaires qui font partie du GP2. En tant qu\u2019\u00e9tudiant, ce fut tr\u00e8s utile de comprendre o\u00f9 je pourrai poursuivre mes \u00e9tudes de recherche, une fois dipl\u00f4m\u00e9. J\u2019aurai voulu que cette rencontre dure plus longtemps et profiter de ce groupe de personnes si humaines et socialement engag\u00e9es.<\/span><\/p>\n<p><b>Ana Jimena Hern\u00e1ndez Medrano | Mexique<br \/>\n<\/b><em>Etudiante de master, boursi\u00e8re du GP2<\/em><\/p>\n<p><span style=\"font-weight: 400;\">J\u2019ai rarement eu dans ma vie un sentiment d\u2019appartenance aussi intense que depuis que je fais partie du GP2. Je me souviens de mes ann\u00e9es d\u2019\u00e9tudes de m\u00e9decine, lorsque je participais au Comit\u00e9 des droits de l\u2019Homme. Notre devise \u00e9tait simple mais puissante : \u00ab Un grand nombre de gens simples, dans des endroits simples, qui font des choses simples peuvent changer le monde. \u00bb On s\u2019int\u00e9ressait \u00e0 l\u2019aide \u00e0 apporter aux enfants, aux femmes, aux personnes \u00e2g\u00e9es et aux d\u00e9munis, luttant pour plus d\u2019\u00e9quit\u00e9 dans la sant\u00e9 et pour la justice sociale. C\u2019\u00e9tait il y a pr\u00e8s de dix ans et aujourd\u2019hui, je me retrouve \u00e0 faire partie d\u2019une communaut\u00e9 o\u00f9 je me sens chez moi. Nous sommes une tribu d\u00e9vou\u00e9e, unie par la forte d\u00e9termination de d\u00e9chiffrer les myst\u00e8res de la maladie de Parkinson, en explorant les m\u00e9andres de son architecture g\u00e9nique.<\/span><\/p>\n<p><span style=\"font-weight: 400;\">Vous n\u2019en saisissez r\u00e9ellement la port\u00e9e que lorsque vous en faites vous-m\u00eame l\u2019exp\u00e9rience. A mon arriv\u00e9e \u00e0 la Rencontre annuelle des chercheurs du GP2(RAC-GP2), j\u2019ai \u00e9t\u00e9 submerg\u00e9e par des \u00e9motions en tout genre : l\u2019effroi, l\u2019admiration et la certitude irr\u00e9versible d\u2019un objectif de vie. Cette rencontre fut une symphonie d\u2019esprits provenant des quatre coins du monde pour former un orchestre d\u2019efforts collaboratifs. Tr\u00e8s concr\u00e8tement, ce sont les pr\u00e9sentations de scientifiques \u00e0 la fois brillants et terre-\u00e0-terre, les d\u00e9bats sur de nouvelles id\u00e9es, la r\u00e9solution de probl\u00e8mes au sein d\u2019une \u00e9quipe, et je me suis trouv\u00e9e plong\u00e9e dans des discussions curieuses et passionnantes avec de nouveaux amis.<\/span><\/p>\n<p><span style=\"font-weight: 400;\">Le GP2, c\u2019est abattre des barri\u00e8res et jeter des ponts. Le GP2 est un circuit neuronal o\u00f9 chacun d\u2019entre nous brille entant que neurone unique et inestimable. Les connexions au sein du r\u00e9seau GP2, nos synapses, nous nourrissent, renforcent notre d\u00e9termination \u00e0 aller plus loin, \u00e0 apprendre et \u00e0 \u00e9voluer dans cette aventure extraordinaire qu\u2019est l\u2019exp\u00e9rience GP2.<\/span><\/p>\n<p><span style=\"font-weight: 400;\">Nous sommes l\u2019incarnation de la devise \u00ab un grand nombre de gens simples, dans des endroits simples, qui font des choses simples peuvent changer le monde pour quiconque souffre de la maladie de Parkinson AUJOURD\u2019HUI. \u00bb<\/span><\/p>\n<p><b>Kelis Vishala Rossi | Royaume-uni<br \/>\n<\/b><em>Etudiante en master, boursi\u00e8re du GP2<\/em><\/p>\n<p><span style=\"font-weight: 400;\">Si je devais r\u00e9sumer la RAC du GP2, je le ferais en ces termes : Une c\u00e9l\u00e9bration d\u2019un dur travail men\u00e9 par une communaut\u00e9 de personnes intelligentes, d\u00e9termin\u00e9es et passionn\u00e9es, toutes unies par un objectif commun. C\u2019est la premi\u00e8re fois que je participais \u00e0 une RAC du GP2. Je suis arriv\u00e9e \u00e0 Copenhague sans savoir \u00e0 quoi m\u2019attendre et j\u2019en suis repartie r\u00e9g\u00e9n\u00e9r\u00e9e, riche de nouvelles exp\u00e9riences et opportunit\u00e9s et d\u2019une montagne de connaissances.<\/span><\/p>\n<p><span style=\"font-weight: 400;\">L\u2019ambiance \u00e9tait euphorisante. Chaque jour comptait son lot d\u2019activit\u00e9s, allant des conversations aux panels en passant par les s\u00e9ances de groupe. S\u2019il est vrai que les d\u00e9fis de la recherche sont communs, la RAC du GP2 a bien mis en exergue la sp\u00e9cificit\u00e9 des obstacles auxquels se heurtent ceux qui s\u2019int\u00e9ressent aux populations sous-repr\u00e9sent\u00e9es. Mais, ce ne fut pas le seul point d\u2019orgue, car de nombreux participants, y compris des stagiaires, ont pu, aux aussi, pr\u00e9senter les travaux effectu\u00e9s au cours de l\u2019ann\u00e9e \u00e9coul\u00e9e. On nous a donn\u00e9 la possibilit\u00e9 de pr\u00e9senter les projets de recherche \u00e0 un public de plus de 270 experts. Pour une \u00e9tudiante en Master sans exp\u00e9rience pr\u00e9alable, ce fut un moment tr\u00e8s sp\u00e9cial.<\/span><\/p>\n<p><span style=\"font-weight: 400;\">Apr\u00e8s la RAC du GP2, j\u2019ai particip\u00e9 au Hackaton GP2 \u00e0 Malm\u00f6. Faisant \u00e9quipe avec d\u2019autres stagiaires, j\u2019ai d\u00e9couvert et pu travailler avec les derni\u00e8res innovations technologiques dans le domaine de la bio-informatique. Il ne fait aucun doute que quiconque y a particip\u00e9 attestera de l\u2019esprit de collaboration mutuelle et des discussions \u00e0 la fois excitantes et presque addictives !<\/span><\/p>\n<p><span style=\"font-weight: 400;\">Apr\u00e8s avoir particip\u00e9 \u00e0 cette rencontre, comment ne pas vouloir s\u2019impliquer dans un programme aussi g\u00e9nial que le GP2 ? Merci au GP2 de m\u2019avoir permis de participer \u00e0 un \u00e9v\u00e9nement aussi formidable, un moment \u00e0 marquer d\u2019une pierre blanche en 2023 ! <\/span><\/p>\n","protected":false},"excerpt":{"rendered":"<p>Le R\u00e9seau mondial des stagiaires du GP2 est actuellement compos\u00e9 de 223 membres. Il a \u00e9t\u00e9 cr\u00e9\u00e9 pour rationnaliser les opportunit\u00e9s de formation, orienter l\u2019expertise l\u00e0 o\u00f9 elle est n\u00e9cessaire et faciliter l\u2019acc\u00e8s aux donn\u00e9es et aux analyses \u00e0 l\u2019ensemble du r\u00e9seau GP2. Ci-dessous, ce que disent quelques-uns des stagiaires ayant particip\u00e9 \u00e0 la deuxi\u00e8me [&hellip;]<\/p>\n","protected":false},"author":0,"featured_media":50005328,"comment_status":"closed","ping_status":"closed","sticky":false,"template":"","format":"standard","meta":{"_acf_changed":false,"footnotes":"","_links_to":"","_links_to_target":""},"class_list":["post-50012061","post","type-post","status-publish","format-standard","hentry","post-type-collaboration-en-matiere-de-recherche","post-type-valeurs-du-gp2","topic-collaboration-en-matiere-de-recherche","topic-gp2-4","topic-research-collaboration-5","topic-valeurs-du-gp2","topic-826"],"acf":[],"_links":{"self":[{"href":"https:\/\/gp2.org\/fr\/wp-json\/wp\/v2\/posts\/50012061","targetHints":{"allow":["GET"]}}],"collection":[{"href":"https:\/\/gp2.org\/fr\/wp-json\/wp\/v2\/posts"}],"about":[{"href":"https:\/\/gp2.org\/fr\/wp-json\/wp\/v2\/types\/post"}],"replies":[{"embeddable":true,"href":"https:\/\/gp2.org\/fr\/wp-json\/wp\/v2\/comments?post=50012061"}],"version-history":[{"count":0,"href":"https:\/\/gp2.org\/fr\/wp-json\/wp\/v2\/posts\/50012061\/revisions"}],"wp:featuredmedia":[{"embeddable":true,"href":"https:\/\/gp2.org\/fr\/wp-json\/wp\/v2\/media\/50005328"}],"wp:attachment":[{"href":"https:\/\/gp2.org\/fr\/wp-json\/wp\/v2\/media?parent=50012061"}],"curies":[{"name":"wp","href":"https:\/\/api.w.org\/{rel}","templated":true}]}}