{"id":50012004,"date":"2023-04-04T17:52:35","date_gmt":"2023-04-04T21:52:35","guid":{"rendered":"https:\/\/gp2stg.wpenginepowered.com\/medecine-de-precision-dans-la-maladie-de-parkinson-lecons-du-passe-et-conquete-de-nouveaux-territoires\/"},"modified":"2024-10-21T15:30:03","modified_gmt":"2024-10-21T19:30:03","slug":"medecine-de-precision-dans-la-maladie-de-parkinson-lecons-du-passe-et-conquete-de-nouveaux-territoires","status":"publish","type":"post","link":"https:\/\/gp2.org\/fr\/medecine-de-precision-dans-la-maladie-de-parkinson-lecons-du-passe-et-conquete-de-nouveaux-territoires\/","title":{"rendered":"M\u00e9decine de pr\u00e9cision dans la maladie de Parkinson :  Le\u00e7ons du pass\u00e9 et conqu\u00eate de nouveaux territoires."},"content":{"rendered":"<p><span style=\"font-weight: 400;\">Les membres du r\u00e9seau de formation du GP2 ont pu r\u00e9cemment participer \u00e0 deux jours de conf\u00e9rence consacr\u00e9s \u00e0 la<\/span><a href=\"https:\/\/www.lih.lu\/en\/event\/precision-medicine-in-parkinsons-disease\/\"><span style=\"font-weight: 400;\">\u00ab M\u00e9decine de pr\u00e9cision dans la maladie de Parkinson : le\u00e7ons du pass\u00e9 et conqu\u00eate de nouveaux territoires.<\/span><\/a><span style=\"font-weight: 400;\">\u00bb La conf\u00e9rence a insist\u00e9 sur le travail n\u00e9cessaire pour \u00e9largir le champ des connaissances sur la maladie de Parkinson et maladies apparent\u00e9es dans le monde. \u00a0<\/span><\/p>\n<p><span style=\"font-weight: 400;\">La conf\u00e9rence s\u2019est int\u00e9ress\u00e9e au r\u00f4le de l\u2019agr\u00e9gation d\u2019\u03b1-synucl\u00e9ine et au lien entre le <\/span><i><span style=\"font-weight: 400;\">LRRK2<\/span><\/i><span style=\"font-weight: 400;\">et l\u2019inflammation p\u00e9riph\u00e9rique. <\/span><i><span style=\"font-weight: 400;\">Le LRRK2<\/span><\/i><span style=\"font-weight: 400;\">est \u00e9galement associ\u00e9 aux maladies inflammatoires chroniques de l\u2019intestin (MICI) ; le traitement comprenant alors des inhibiteurs du facteur de n\u00e9crose tumorale (TNF). Il est possible qu\u2019un jour les m\u00e9dicaments anti-inflammatoires soient utilis\u00e9s dans le traitement de la maladie de Parkinson. Il a \u00e9galement \u00e9t\u00e9 question de l\u2019interaction entre les g\u00e8nes et leur environnement et leur impact sur la maladie de Parkinson. Ainsi, les premi\u00e8res observations de l\u2019\u00e9tude sur l\u2019architecture g\u00e9nique de la maladie de Parkinson Inde (GAP-India) ont mis en \u00e9vidence que la consommation de caf\u00e9 \u00e9tait plus \u00e9lev\u00e9e chez les patients atteints de la maladie de Parkinson que dans la population t\u00e9moin, bien que ce soit g\u00e9n\u00e9ralement le contraire dans le cas d\u2019autres populations malades<\/span><span style=\"font-weight: 400;\">1<\/span><span style=\"font-weight: 400;\">.\u00a0<\/span><\/p>\n<p><span style=\"font-weight: 400;\">Autre th\u00e8me abord\u00e9 lors de la conf\u00e9rence, celui la diversit\u00e9 g\u00e9n\u00e9tique et son r\u00f4le crucial pour la recherche sur la maladie de Parkinson. La plus grande diversit\u00e9 g\u00e9n\u00e9tique humaine se trouve en Afrique. Pendant des milliers d\u2019ann\u00e9es, les populations d\u2019Afrique n\u2019ont cess\u00e9 de s\u2019adapter \u00e0 des environnements mutants. Aussi, si nous n\u2019incluons pas l\u2019Afrique et d\u2019autres r\u00e9gions sous-repr\u00e9sent\u00e9es dans les \u00e9tudes g\u00e9n\u00e9tiques, nous n\u2019aurons qu\u2019une compr\u00e9hension biais\u00e9e des maladies complexes. <\/span><\/p>\n<p><span style=\"font-weight: 400;\">Andrew Singleton a fait une pr\u00e9sentation sur l\u2019initiative GP2, dont je fait partie, qui \u00e9tudie la g\u00e9n\u00e9tique de la maladie de Parkinson dans le monde entier. A ce jour, les chercheurs couvrent environ 25% de la composante h\u00e9r\u00e9ditaire de la maladie de Parkinson, ce qui souligne l\u2019importance des \u00e9tudes g\u00e9niques, tout autant que l\u2019ampleur de la tache qu\u2019il reste \u00e0 accomplir. Andrew Singleton a \u00e9galement expliqu\u00e9 que la majorit\u00e9 des \u00e9tudes g\u00e9n\u00e9tiques portant actuellement sur des sujets de lign\u00e9e nord-europ\u00e9enne, il existe des lacunes majeures hors de ce cadre de recherche et de population. Il est extraordinaire de les efforts d\u00e9ploy\u00e9s par le GP2 pour parvenir \u00e0 cette diversit\u00e9 g\u00e9n\u00e9tique essentielle. Le GP2 recueille des donn\u00e9es du monde entier et veille \u00e0 les rendre accessibles sur le cloud aux chercheurs du monde entier d\u00e9sireux de collaborer.\u00a0<\/span><\/p>\n<p><span style=\"font-weight: 400;\">Ecouter les jeunes scientifiques faire leurs pr\u00e9sentations a \u00e9t\u00e9 une source d\u2019inspiration et je suis s\u00fbr que d\u2019autres chercheurs en d\u00e9but de carri\u00e8re ont eu le m\u00eame sentiment. Le simple fait que ce forum leur ai donn\u00e9 la possibilit\u00e9 de pr\u00e9senter leurs travaux est en soit formidable. \u00a0<\/span><\/p>\n<p><span style=\"font-weight: 400;\">En somme, tous les expos\u00e9s sont soulign\u00e9 la n\u00e9cessit\u00e9 d\u2019\u00e9tablir des collaborations transcontinentales. Cliniciens et scientifiques devraient \u00eatre form\u00e9s \u00e0 la r\u00e9alisation d\u2019\u00e9tudes g\u00e9nomiques et \u00e0 l\u2019utilisation d\u2019outils bio-informatique. La voie \u00e0 suivre ne doit pas mettre l\u2019accent sur l\u2019\u00e9chantillonnage ou sur les donn\u00e9es des r\u00e9gions sous-repr\u00e9sent\u00e9es, mais devrait fournir un cadre de soutien permettant aux scientifiques de ces pays de mener eux-m\u00eames leurs travaux de recherche.\u00a0<\/span><\/p>\n<p><span style=\"font-weight: 400;\">La conf\u00e9rence \u00ab M\u00e9decine de pr\u00e9cision dans la maladie de Parkinson : le\u00e7ons du pass\u00e9 et conqu\u00eate de nouveaux territoires \u00bb s\u2019est r\u00e9v\u00e9l\u00e9e \u00eatre un \u00e9v\u00e9nement motivateur et informatif. Si vous avez la possibilit\u00e9 d\u2019y participer l\u2019an prochain, je vous y encourage vivement !<\/span><\/p>\n<p>&nbsp;<\/p>\n<p><span style=\"font-weight: 400;\">R\u00e9f\u00e9rences :<\/span><\/p>\n<ol>\n<li style=\"font-weight: 400;\" aria-level=\"1\"><span style=\"font-weight: 400;\">Fall, PA., Fredrikson, M., Axelson, O., Gran\u00e9rus, AK. (1999). Les facteurs nutritionnels et professionnels ayant une incidence sur le risque li\u00e9 \u00e0 la maladie de Parkinson : Une \u00e9tude de cas-t\u00e9moins dans le sud-est de la Su\u00e8de.<\/span><i><span style=\"font-weight: 400;\">Troubles moteurs<\/span><\/i><span style=\"font-weight: 400;\">. 14(1), pp.28-37. [en-ligne]. Disponible sur : https:\/\/doi.org\/10.1002\/1531-8257(199901)14:13.0.CO;2-O [consult\u00e9 8 f\u00e9vrier 2023].<\/span><\/li>\n<\/ol>\n","protected":false},"excerpt":{"rendered":"<p>Les membres du r\u00e9seau de formation du GP2 ont pu r\u00e9cemment participer \u00e0 deux jours de conf\u00e9rence consacr\u00e9s \u00e0 la \u00ab M\u00e9decine de pr\u00e9cision dans la maladie de Parkinson : le\u00e7ons du pass\u00e9 et  conqu\u00eate de nouveaux territoires. \u00bb La conf\u00e9rence a insist\u00e9 sur le travail n\u00e9cessaire pour \u00e9largir le champ des connaissances sur la maladie de Parkinson et maladies apparent\u00e9es dans le monde. \u00a0<\/p>\n","protected":false},"author":0,"featured_media":50024720,"comment_status":"closed","ping_status":"closed","sticky":false,"template":"","format":"standard","meta":{"_acf_changed":false,"footnotes":"","_links_to":"","_links_to_target":""},"class_list":["post-50012004","post","type-post","status-publish","format-standard","hentry","post-type-collaboration-en-matiere-de-recherche","post-type-communication-de-la-recherche","post-type-populations-sous-representees","post-type-valeurs-du-gp2","topic-forschungszusammenarbeit-2","topic-gp2-werte","topic-research-collaboration-5"],"acf":[],"_links":{"self":[{"href":"https:\/\/gp2.org\/fr\/wp-json\/wp\/v2\/posts\/50012004","targetHints":{"allow":["GET"]}}],"collection":[{"href":"https:\/\/gp2.org\/fr\/wp-json\/wp\/v2\/posts"}],"about":[{"href":"https:\/\/gp2.org\/fr\/wp-json\/wp\/v2\/types\/post"}],"replies":[{"embeddable":true,"href":"https:\/\/gp2.org\/fr\/wp-json\/wp\/v2\/comments?post=50012004"}],"version-history":[{"count":0,"href":"https:\/\/gp2.org\/fr\/wp-json\/wp\/v2\/posts\/50012004\/revisions"}],"wp:featuredmedia":[{"embeddable":true,"href":"https:\/\/gp2.org\/fr\/wp-json\/wp\/v2\/media\/50024720"}],"wp:attachment":[{"href":"https:\/\/gp2.org\/fr\/wp-json\/wp\/v2\/media?parent=50012004"}],"curies":[{"name":"wp","href":"https:\/\/api.w.org\/{rel}","templated":true}]}}