{"id":50011889,"date":"2021-09-27T22:52:00","date_gmt":"2021-09-28T02:52:00","guid":{"rendered":"https:\/\/gp2stg.wpenginepowered.com\/augmentation-de-la-participation-des-hispaniques-sous-representes-dans-la-recherche-sur-la-maladie-de-parkinson-et-la-genomique-grace-a-letude-large-pd\/"},"modified":"2024-10-21T15:08:45","modified_gmt":"2024-10-21T19:08:45","slug":"augmentation-de-la-participation-des-hispaniques-sous-representes-dans-la-recherche-sur-la-maladie-de-parkinson-et-la-genomique-grace-a-letude-large-pd","status":"publish","type":"post","link":"https:\/\/gp2.org\/fr\/augmentation-de-la-participation-des-hispaniques-sous-representes-dans-la-recherche-sur-la-maladie-de-parkinson-et-la-genomique-grace-a-letude-large-pd\/","title":{"rendered":"Augmentation de la participation des hispaniques sous-repr\u00e9sent\u00e9s dans la recherche sur la maladie de Parkinson et la g\u00e9nomique gr\u00e2ce \u00e0 l&rsquo;\u00e9tude LARGE-PD"},"content":{"rendered":"<p class=\"first before-p\">Lanc\u00e9 en 2005, le consortium de recherche latino-am\u00e9ricain sur la g\u00e9n\u00e9tique de la maladie de Parkinson (LARGE-PD) est la concr\u00e9tisation d\u2019une collaboration d\u00e9centralis\u00e9e de l\u2019ensemble des pays d\u2019Am\u00e9rique latine dont le but est de mieux comprendre la maladie de Parkinson dans cette r\u00e9gion du monde. Aujourd&rsquo;hui, le consortium est pr\u00e9sent dans 14 pays diff\u00e9rents d&rsquo;Am\u00e9rique du Nord, d&rsquo;Am\u00e9rique centrale et d&rsquo;Am\u00e9rique du Sud et compte 37 sites qui s&#8217;emploient \u00e0 recruter des participants et \u00e0 accro\u00eetre la participation des personnes hispaniques atteintes de la maladie de Parkinson \u00e0 la recherche g\u00e9n\u00e9tique.<\/p>\n<p class=\"after-p before-p\">La g\u00e9n\u00e9tique humaine ainsi que les \u00e9tudes \u00e9pid\u00e9miologiques se sont r\u00e9v\u00e9l\u00e9es \u00eatre des outils pr\u00e9cieux pour mieux comprendre la physiopathologie mol\u00e9culaire de la maladie de Parkinson. L\u2019action de ce consortium permet la cr\u00e9ation actuelle de la premi\u00e8re grande cohorte de personnes atteintes de la maladie de Parkinson et de t\u00e9moins sains en Am\u00e9rique latine. Elle permettra aux chercheurs d&rsquo;\u00e9tudier en d\u00e9tail les facteurs g\u00e9n\u00e9tiques et environnementaux qui conduisent \u00e0 la maladie de Parkinson. Cette d\u00e9marche est particuli\u00e8rement importante dans le cas des communaut\u00e9s hispaniques qui ont longtemps \u00e9t\u00e9 sous-repr\u00e9sent\u00e9es dans la recherche g\u00e9n\u00e9tique aux \u00c9tats-Unis.<\/p>\n<p class=\"after-p before-p\">En vue de combler cet \u00e9cart, les participants \u00e0 l&rsquo;\u00e9tude sont invit\u00e9s \u00e0 fournir un \u00e9chantillon de salive ou de sang afin d&rsquo;extraire leur mat\u00e9riel g\u00e9n\u00e9tique et d&rsquo;en savoir plus sur les facteurs de risque g\u00e9n\u00e9tiques qui jouent un r\u00f4le dans le d\u00e9veloppement de la MP chez les populations latino-am\u00e9ricaines. Les \u00e9tudes pr\u00e9liminaires conduites par notre \u00e9quipe ont montr\u00e9 que les facteurs g\u00e9n\u00e9tiques connus (issus majoritairement d&rsquo;\u00e9tudes sur des sujets europ\u00e9ens) jouent un r\u00f4le mineur dans l\u2019apparition de la MP chez les latino-am\u00e9ricains, ce qui laisse penser que cette population pourrait \u00eatre la cl\u00e9 de l&rsquo;identification de nouveaux g\u00e8nes impliqu\u00e9s dans l&rsquo;\u00e9tiopathog\u00e9n\u00e8se de la maladie. Ce travail est essentiel pour mieux comprendre le d\u00e9clenchement et la progression de la maladie, et pour \u00eatre en mesure de proposer aux personnes d&rsquo;origine latino-am\u00e9ricaine un d\u00e9pistage et des traitements mieux adapt\u00e9s \u00e0 leurs besoins r\u00e9els.<\/p>\n<p class=\"after-p before-p\">En outre, les travaux incluent la collecte de donn\u00e9es sur l&rsquo;exposition aux facteurs environnementaux, ce qui peut nous permettre de d\u00e9terminer si certains facteurs environnementaux sp\u00e9cifiques sont impliqu\u00e9s dans le d\u00e9veloppement de la MP chez les latino-am\u00e9ricains. Les participants r\u00e9pondent \u00e0 un questionnaire les interrogeant, entre autres, sur leur consommation de nicotine, d\u2019alcool, ainsi que les sources d\u2019eau dont ils font usage et leur exposition \u00e9ventuelle aux pesticides et aux m\u00e9taux lourds. De plus, d\u2019autres questionnaires et les dossiers m\u00e9dicaux des participants fournissent des informations cliniques et d\u00e9mographiques, ainsi que des facteurs li\u00e9s \u00e0 la sant\u00e9 des femmes (pour les femmes hispaniques atteintes de la maladie de Parkinson).<\/p>\n<p class=\"after-p before-p\">Les sites d&rsquo;Am\u00e9rique du Sud et d&rsquo;Am\u00e9rique centrale recrutent activement depuis un certain temps d\u00e9j\u00e0 ; cette ann\u00e9e, enfin, nous nous r\u00e9jouissons d&rsquo;annoncer qu&rsquo;une cohorte am\u00e9ricaine a \u00e9t\u00e9 approuv\u00e9e et que le recrutement est en cours par l&rsquo;interm\u00e9diaire de la fondation de la Clinique de Cleveland (Institut de m\u00e9decine g\u00e9nomique). Le recrutement se fait enti\u00e8rement \u00e0 distance, le processus de consentement est effectu\u00e9 par t\u00e9l\u00e9phone, les questionnaires sont distribu\u00e9s en ligne et par courrier \u00e9lectronique et les pr\u00e9l\u00e8vements sont recueillis par courrier postal. Les trousses de pr\u00e9l\u00e8vement de salive sont envoy\u00e9es par courrier postal aux participants ainsi que tout support p\u00e9dagogique compl\u00e9mentaire, sans frais pour le participant.<\/p>\n<p class=\"after-p before-p\">Si vous \u00eates une personne hispanique atteinte de la maladie de Parkinson, \u00e2g\u00e9e de plus de 18 ans, vivant aux \u00c9tats-Unis et souhaitant participer, <a href=\"https:\/\/redcap.ccf.org\/redcap\/surveys\/?s=XLNWA3MYHM\" target=\"_blank\" rel=\"noopener\">veuillez remplir le formulaire de recrutement<\/a> ou nous contacter directement <strong>aux coordonn\u00e9es ci-dessous<\/strong>. Les personnes de plus de 18 ans vivant aux \u00c9tats-Unis peuvent \u00e9galement jouer le r\u00f4le de t\u00e9moins dans le cadre de l&rsquo;\u00e9tude.<\/p>\n<p class=\"after-p last\"><strong>Nous contacter :<\/strong> (216) 314-9014 <a href=\"mailto:largepd@ccf.org\" rel=\"\">largepd@ccf.org<\/a> <a href=\"mailto:gutiern@ccf.org\" rel=\"\">gutiern@ccf.org<\/a><\/p>\n","protected":false},"excerpt":{"rendered":"<p>Lanc\u00e9 en 2005, le consortium de recherche latino-am\u00e9ricain sur la g\u00e9n\u00e9tique de la maladie de Parkinson (LARGE-PD) est la concr\u00e9tisation d\u2019une collaboration d\u00e9centralis\u00e9e de l\u2019ensemble des pays d\u2019Am\u00e9rique latine dont le but est de mieux comprendre la maladie de Parkinson dans cette r\u00e9gion du monde.<\/p>\n","protected":false},"author":0,"featured_media":50019579,"comment_status":"closed","ping_status":"closed","sticky":false,"template":"","format":"standard","meta":{"_acf_changed":false,"footnotes":"","_links_to":"","_links_to_target":""},"class_list":["post-50011889","post","type-post","status-publish","format-standard","hentry","post-type-populations-sous-representees"],"acf":[],"_links":{"self":[{"href":"https:\/\/gp2.org\/fr\/wp-json\/wp\/v2\/posts\/50011889","targetHints":{"allow":["GET"]}}],"collection":[{"href":"https:\/\/gp2.org\/fr\/wp-json\/wp\/v2\/posts"}],"about":[{"href":"https:\/\/gp2.org\/fr\/wp-json\/wp\/v2\/types\/post"}],"replies":[{"embeddable":true,"href":"https:\/\/gp2.org\/fr\/wp-json\/wp\/v2\/comments?post=50011889"}],"version-history":[{"count":0,"href":"https:\/\/gp2.org\/fr\/wp-json\/wp\/v2\/posts\/50011889\/revisions"}],"wp:featuredmedia":[{"embeddable":true,"href":"https:\/\/gp2.org\/fr\/wp-json\/wp\/v2\/media\/50019579"}],"wp:attachment":[{"href":"https:\/\/gp2.org\/fr\/wp-json\/wp\/v2\/media?parent=50011889"}],"curies":[{"name":"wp","href":"https:\/\/api.w.org\/{rel}","templated":true}]}}