{"id":50034744,"date":"2025-03-24T14:54:38","date_gmt":"2025-03-24T18:54:38","guid":{"rendered":"https:\/\/gp2stg.wpenginepowered.com\/programa-de-doctorado-en-minorias-poblacionales-del-gp2-2025\/"},"modified":"2025-03-24T14:54:38","modified_gmt":"2025-03-24T18:54:38","slug":"programa-de-doctorado-en-minorias-poblacionales-del-gp2-2025","status":"publish","type":"post","link":"https:\/\/gp2.org\/es\/programa-de-doctorado-en-minorias-poblacionales-del-gp2-2025\/","title":{"rendered":"Programa de doctorado en Minor\u00edas Poblacionales del GP2 2025"},"content":{"rendered":"","protected":false},"excerpt":{"rendered":"<p>El GP2 invita a supervisores que se identifiquen con un grupo minoritario en el campo de la investigaci\u00f3n de la enfermedad de Parkinson (EP) a solicitar financiaci\u00f3n para que un candidato que tambi\u00e9n pertenezca a un grupo minoritario curse un doctorado en gen\u00e9tica de la EP o disciplina similar.<\/p>\n","protected":false},"author":15,"featured_media":50034570,"comment_status":"closed","ping_status":"open","sticky":false,"template":"","format":"standard","meta":{"_acf_changed":false,"footnotes":"","_links_to":"","_links_to_target":""},"class_list":["post-50034744","post","type-post","status-publish","format-standard","hentry","post-type-noticias","topic-minorias-poblacionales","topic-research-collaboration-4"],"acf":[],"_links":{"self":[{"href":"https:\/\/gp2.org\/es\/wp-json\/wp\/v2\/posts\/50034744","targetHints":{"allow":["GET"]}}],"collection":[{"href":"https:\/\/gp2.org\/es\/wp-json\/wp\/v2\/posts"}],"about":[{"href":"https:\/\/gp2.org\/es\/wp-json\/wp\/v2\/types\/post"}],"author":[{"embeddable":true,"href":"https:\/\/gp2.org\/es\/wp-json\/wp\/v2\/users\/15"}],"replies":[{"embeddable":true,"href":"https:\/\/gp2.org\/es\/wp-json\/wp\/v2\/comments?post=50034744"}],"version-history":[{"count":0,"href":"https:\/\/gp2.org\/es\/wp-json\/wp\/v2\/posts\/50034744\/revisions"}],"wp:featuredmedia":[{"embeddable":true,"href":"https:\/\/gp2.org\/es\/wp-json\/wp\/v2\/media\/50034570"}],"wp:attachment":[{"href":"https:\/\/gp2.org\/es\/wp-json\/wp\/v2\/media?parent=50034744"}],"curies":[{"name":"wp","href":"https:\/\/api.w.org\/{rel}","templated":true}]}}