{"id":50012266,"date":"2023-03-31T17:18:10","date_gmt":"2023-03-31T21:18:10","guid":{"rendered":"https:\/\/gp2stg.wpenginepowered.com\/?p=50012266"},"modified":"2024-10-22T07:40:17","modified_gmt":"2024-10-22T11:40:17","slug":"renovar-la-financiacion-nos-permitira-seguir-descifrando-la-arquitectura-genetica-de-la-enfermedad-de-parkinson","status":"publish","type":"post","link":"https:\/\/gp2.org\/es\/renovar-la-financiacion-nos-permitira-seguir-descifrando-la-arquitectura-genetica-de-la-enfermedad-de-parkinson\/","title":{"rendered":"Renovar la financiaci\u00f3n nos permitir\u00e1 seguir descifrando la arquitectura gen\u00e9tica de la enfermedad de Parkinson"},"content":{"rendered":"<p class=\"lede-text\">El trabajo del GP2 est\u00e1 lejos de haber terminado. Renovar la financiaci\u00f3n para cinco a\u00f1os m\u00e1s nos brinda la oportunidad de profundizar y ampliar nuestros conocimientos globales sobre la enfermedad de Parkinson (EP).<\/p>\n<h4>\u00bfA qu\u00e9 se destinar\u00e1 esta nueva ronda de financiaci\u00f3n?<\/h4>\n<p>Daremos continuidad e incluso ampliaremos el enfoque en las minor\u00edas poblacionales. En la actualidad, el GP2 recoge muestras y apoya iniciativas en India, \u00c1frica, Am\u00e9rica Latina, Asia Oriental, Asia Central, as\u00ed como en poblaciones minoritarias en EE.\u00a0UU. a trav\u00e9s del proyecto BLAAC PD. Se dar\u00e1 continuidad a este trabajo a lo largo de todo el programa.<\/p>\n<h4>Profundizaci\u00f3n en el estudio de las ascendencias<\/h4>\n<p>Esta financiaci\u00f3n adicional ofrece al GP2 la oportunidad de seguir apoyando a poblaciones prioritarias con el estudio de las ascendencias de Asia Oriental, Oriente Medio y el Norte de \u00c1frica.<\/p>\n<h4>Examen de la enfermedad de Parkinson desde todos los \u00e1ngulos<\/h4>\n<p>A partir de ahora, el GP2 estudiar\u00e1 tambi\u00e9n las fases m\u00e1s tempranas de la EP: se incluir\u00e1 el estudio de poblaciones de riesgo que corren un mayor riesgo de desarrollar s\u00edntomas de Parkinson, pero que a\u00fan no han sido diagnosticadas. En concreto, el GP2 se propone trabajar con cohortes que incluyan participantes diagnosticados con trastorno de conducta durante el sue\u00f1o REM o hiposmia idiop\u00e1tica (sensibilidad olfativa reducida).<\/p>\n<p>El GP2 tambi\u00e9n tiene previsto incluir casos de parkinsonismo \u00abat\u00edpico\u00bb dentro del espectro cl\u00ednico del parkinsonismo. Los casos at\u00edpicos son aquellos que desarrollan s\u00edntomas que se observan en la enfermedad de Parkinson pero que tienen otras caracter\u00edsticas que no son comunes en la enfermedad de Parkinson. Para entender bien la enfermedad de Parkinson, debemos comprender tambi\u00e9n lo que no es y c\u00f3mo var\u00eda, especialmente en distintas poblaciones. La clave para personalizar el tratamiento de una enfermedad global reside en comprender su manifestaci\u00f3n en todas las poblaciones. Por ello, el GP2 se propone ampliar su labor e incluir a personas diagnosticadas de demencia con cuerpos de Lewy, atrofia multisist\u00e9mica, s\u00edndrome corticobasal y par\u00e1lisis supranuclear progresiva.<\/p>\n<p>Este trabajo de ampliaci\u00f3n se realizar\u00e1 con muchas de las cohortes existentes del GP2, pero el programa tambi\u00e9n prev\u00e9 incorporar nuevas cohortes con este objetivo. <strong><a href=\"https:\/\/gp2.org\/about-gp2\/#join-gp2%20\">Aportar una cohorte.<\/a><\/strong><\/p>\n","protected":false},"excerpt":{"rendered":"<p>Nos complace anunciar que la financiaci\u00f3n del GP2 se ha prorrogado por cinco a\u00f1os m\u00e1s. Esta nueva financiaci\u00f3n nos permitir\u00e1 enfocarnos a\u00fan m\u00e1s en las minor\u00edas poblacionales y ampliar los horizontes de nuestra investigaci\u00f3n para incluir las etapas m\u00e1s tempranas de la EP y los trastornos del espectro cl\u00ednico de la enfermedad de Parkinson.<\/p>\n","protected":false},"author":2,"featured_media":50019750,"comment_status":"closed","ping_status":"closed","sticky":false,"template":"","format":"standard","meta":{"_acf_changed":false,"footnotes":"","_links_to":"","_links_to_target":""},"class_list":["post-50012266","post","type-post","status-publish","format-standard","hentry"],"acf":[],"_links":{"self":[{"href":"https:\/\/gp2.org\/es\/wp-json\/wp\/v2\/posts\/50012266","targetHints":{"allow":["GET"]}}],"collection":[{"href":"https:\/\/gp2.org\/es\/wp-json\/wp\/v2\/posts"}],"about":[{"href":"https:\/\/gp2.org\/es\/wp-json\/wp\/v2\/types\/post"}],"author":[{"embeddable":true,"href":"https:\/\/gp2.org\/es\/wp-json\/wp\/v2\/users\/2"}],"replies":[{"embeddable":true,"href":"https:\/\/gp2.org\/es\/wp-json\/wp\/v2\/comments?post=50012266"}],"version-history":[{"count":0,"href":"https:\/\/gp2.org\/es\/wp-json\/wp\/v2\/posts\/50012266\/revisions"}],"wp:featuredmedia":[{"embeddable":true,"href":"https:\/\/gp2.org\/es\/wp-json\/wp\/v2\/media\/50019750"}],"wp:attachment":[{"href":"https:\/\/gp2.org\/es\/wp-json\/wp\/v2\/media?parent=50012266"}],"curies":[{"name":"wp","href":"https:\/\/api.w.org\/{rel}","templated":true}]}}