{"id":50039442,"date":"2025-10-06T17:42:30","date_gmt":"2025-10-06T21:42:30","guid":{"rendered":"https:\/\/gp2stg.wpenginepowered.com\/rueckblick-auf-die-large-pd-jahrestagung-2025-in-queretaro-mexiko-tage-der-zusammenarbeit-naechte-voller-mariachi-klaenge\/"},"modified":"2025-10-06T17:42:30","modified_gmt":"2025-10-06T21:42:30","slug":"rueckblick-auf-die-large-pd-jahrestagung-2025-in-queretaro-mexiko-tage-der-zusammenarbeit-naechte-voller-mariachi-klaenge","status":"publish","type":"post","link":"https:\/\/gp2.org\/de\/rueckblick-auf-die-large-pd-jahrestagung-2025-in-queretaro-mexiko-tage-der-zusammenarbeit-naechte-voller-mariachi-klaenge\/","title":{"rendered":"R\u00fcckblick auf die LARGE-PD-Jahrestagung 2025 in Quer\u00e9taro, Mexiko: Tage der Zusammenarbeit, N\u00e4chte voller Mariachi-Kl\u00e4nge"},"content":{"rendered":"","protected":false},"excerpt":{"rendered":"<p>Die LARGE-PD-Jahrestagung 2025 brachte Forschende aus ganz Lateinamerika und der Karibik in Quer\u00e9taro, Mexiko, zusammen, um Ideen auszutauschen, die Zusammenarbeit zu st\u00e4rken und die Parkinson-Forschung voranzubringen.<\/p>\n","protected":false},"author":20,"featured_media":50037690,"comment_status":"closed","ping_status":"open","sticky":false,"template":"","format":"standard","meta":{"_acf_changed":false,"footnotes":"","_links_to":"","_links_to_target":""},"class_list":["post-50039442","post","type-post","status-publish","format-standard","hentry"],"acf":[],"_links":{"self":[{"href":"https:\/\/gp2.org\/de\/wp-json\/wp\/v2\/posts\/50039442","targetHints":{"allow":["GET"]}}],"collection":[{"href":"https:\/\/gp2.org\/de\/wp-json\/wp\/v2\/posts"}],"about":[{"href":"https:\/\/gp2.org\/de\/wp-json\/wp\/v2\/types\/post"}],"author":[{"embeddable":true,"href":"https:\/\/gp2.org\/de\/wp-json\/wp\/v2\/users\/20"}],"replies":[{"embeddable":true,"href":"https:\/\/gp2.org\/de\/wp-json\/wp\/v2\/comments?post=50039442"}],"version-history":[{"count":0,"href":"https:\/\/gp2.org\/de\/wp-json\/wp\/v2\/posts\/50039442\/revisions"}],"wp:featuredmedia":[{"embeddable":true,"href":"https:\/\/gp2.org\/de\/wp-json\/wp\/v2\/media\/50037690"}],"wp:attachment":[{"href":"https:\/\/gp2.org\/de\/wp-json\/wp\/v2\/media?parent=50039442"}],"curies":[{"name":"wp","href":"https:\/\/api.w.org\/{rel}","templated":true}]}}