{"id":50012265,"date":"2023-03-31T17:18:10","date_gmt":"2023-03-31T21:18:10","guid":{"rendered":"https:\/\/gp2stg.wpenginepowered.com\/?p=50012265"},"modified":"2024-11-13T22:36:23","modified_gmt":"2024-11-14T03:36:23","slug":"dank-zusatzlicher-mittel-kann-weiter-an-der-genetischen-architektur-der-parkinson-erkrankung-geforscht-werden","status":"publish","type":"post","link":"https:\/\/gp2.org\/de\/dank-zusatzlicher-mittel-kann-weiter-an-der-genetischen-architektur-der-parkinson-erkrankung-geforscht-werden\/","title":{"rendered":"Dank zus\u00e4tzlicher Mittel kann weiter an der genetischen Architektur der Parkinson-Erkrankung geforscht werden"},"content":{"rendered":"<p class=\"lede-text\">Bei GP2 ist noch lange nicht Schluss. Nun, da wir Mittel f\u00fcr weitere f\u00fcnf Jahre Forschungsarbeit gesichert haben, k\u00f6nnen wir unser globales Verst\u00e4ndnis der Parkinson-Erkrankung noch st\u00e4rker ausbauen und vertiefen.<\/p>\n<h4>Was wird durch diese Verl\u00e4ngerung finanziert?<\/h4>\n<p>Fortf\u00fchrung und Ausweitung des Schwerpunkts unterrepr\u00e4sentierte Populationen.<\/p>\n<p>Derzeit erfasst und unterst\u00fctzt GP2 Aktivit\u00e4ten in Indien, Afrika, Lateinamerika, Ostasien, Zentralasien sowie in unterrepr\u00e4sentierten Populationen in den USA durch BLAAC PD. Diese Arbeit wird \u00fcber die gesamte Laufzeit des Programms fortgef\u00fchrt.<\/p>\n<h4>Weitere Abstammungsstudien<\/h4>\n<p data-pm-slice=\"1 1 [&quot;bullet_list&quot;,null,&quot;bullet_list&quot;,null,&quot;list_item&quot;,null]\">Die Verl\u00e4ngerung bietet GP2 die M\u00f6glichkeit, die Forschung weltweit weiter auszudehnen, indem Studien zu Bev\u00f6lkerungsgruppen mit vorrangiger Abstammung, die in der Forschung besonders unterrepr\u00e4sentiert sind, priorisiert werden.<\/p>\n<h4>Die Parkinson-Erkrankung aus s\u00e4mtlichen Blickwinkeln erforschen<\/h4>\n<p>GP2 wird nun auch die sehr fr\u00fchen Parkinson-Stadien untersuchen, indem Risikopopulationen einbezogen werden, bei denen eine erh\u00f6hte Wahrscheinlichkeit besteht, Parkinson-Symptome zu entwickeln, ohne dass bisher eine entsprechende Diagnose vorliegt. Insbesondere m\u00f6chte GP2 mit Kohorten von Personen arbeiten, bei denen eine REM-Schlaf-Verhaltensst\u00f6rung (RBD) oder eine idiopathische Hyposmie (vermindertes Riechverm\u00f6gen) diagnostiziert wurde.<\/p>\n<p>GP2 dehnt seine Forschung auch auf \u201eatypische\u201c Parkinsonismus-F\u00e4lle aus dem klinischen Parkinsonismus-Spektrum aus. Mit atypischen F\u00e4llen sind hier Krankheitsbilder gemeint, bei denen bekannte Parkinson-Symptome auftreten, aber zus\u00e4tzlich auch Merkmale vorliegen, die im Zusammenhang mit einer Parkinson-Erkrankung ungew\u00f6hnlich sind. Wenn wir die Parkinson-Krankheit verstehen m\u00f6chten, m\u00fcssen wir auch verstehen, was Parkinson nicht ist und wie die Erkrankung variieren kann, insbesondere in den unterschiedlichen Populationen. Der Schl\u00fcssel zur individuellen Behandlung einer globalen Krankheit liegt im Verst\u00e4ndnis dieser Krankheit \u00fcber die Grenzen der verschiedenen Populationen hinweg. Und aus diesem Grund wurde der GP2-Forschungsbereich auf Personen ausgeweitet, bei denen Lewy-K\u00f6rperchen-Demenz (DLB), Multisystematrophie (MSA), kortikobasales Syndrom (CBS) oder progressive supranukle\u00e4re Blickparese (PSP) diagnostiziert wurde.<\/p>\n<p>Diese erweiterte Forschung wird anhand  zahlreicher der vorhandenen GP2-Kohorten erfolgen. Gleichzeitig hofft man auch neue Kohorten als Mitglieder gewinnen zu k\u00f6nnen. <strong><a href=\"https:\/\/gp2.org\/about-gp2\/#join-gp2%20\">Eine Kohorte einreichen.<\/a><\/strong><\/p>\n<p>\u00a0<\/p>\n","protected":false},"excerpt":{"rendered":"<p>Wir freuen uns, verk\u00fcnden zu d\u00fcrfen, dass die GP2-Finanzierung um weitere f\u00fcnf Jahre verl\u00e4ngert worden ist. Diese Verl\u00e4ngerung erm\u00f6glicht eine umfassendere Konzentration auf unterrepr\u00e4sentierte Populationen sowie die Ausweitung der Forschung auf sehr fr\u00fche Parkinson-Stadien und Parkinson-Spektrum-St\u00f6rungen.<\/p>\n","protected":false},"author":2,"featured_media":50019748,"comment_status":"closed","ping_status":"closed","sticky":false,"template":"","format":"standard","meta":{"_acf_changed":false,"footnotes":"","_links_to":"","_links_to_target":""},"class_list":["post-50012265","post","type-post","status-publish","format-standard","hentry","post-type-nachricht"],"acf":[],"_links":{"self":[{"href":"https:\/\/gp2.org\/de\/wp-json\/wp\/v2\/posts\/50012265","targetHints":{"allow":["GET"]}}],"collection":[{"href":"https:\/\/gp2.org\/de\/wp-json\/wp\/v2\/posts"}],"about":[{"href":"https:\/\/gp2.org\/de\/wp-json\/wp\/v2\/types\/post"}],"author":[{"embeddable":true,"href":"https:\/\/gp2.org\/de\/wp-json\/wp\/v2\/users\/2"}],"replies":[{"embeddable":true,"href":"https:\/\/gp2.org\/de\/wp-json\/wp\/v2\/comments?post=50012265"}],"version-history":[{"count":0,"href":"https:\/\/gp2.org\/de\/wp-json\/wp\/v2\/posts\/50012265\/revisions"}],"wp:featuredmedia":[{"embeddable":true,"href":"https:\/\/gp2.org\/de\/wp-json\/wp\/v2\/media\/50019748"}],"wp:attachment":[{"href":"https:\/\/gp2.org\/de\/wp-json\/wp\/v2\/media?parent=50012265"}],"curies":[{"name":"wp","href":"https:\/\/api.w.org\/{rel}","templated":true}]}}